{"id":407,"date":"2017-05-10T08:45:16","date_gmt":"2017-05-10T08:45:16","guid":{"rendered":"http:\/\/www.mgdiyanet.de\/?p=407"},"modified":"2017-05-10T08:53:58","modified_gmt":"2017-05-10T08:53:58","slug":"berat-kandili-mesaji","status":"publish","type":"post","link":"https:\/\/www.mgdiyanet.de\/de\/berat-kandili-mesaji","title":{"rendered":"Botschaft zur Nacht der Vergebung (Berat)"},"content":{"rendered":"<p>Die <strong>\u200e<\/strong>gesegnete <strong>\u200e<\/strong>Nacht der Vergebung, die uns als\u00a0<strong>\u200e<\/strong>Vorbote des Ramadans jedes Jahr erfreut und <strong>\u200e<\/strong>die erneut die \u00c4ra der Barmherzigkeit, <strong>\u200e<\/strong>Vergebung und L\u00e4uterung im segensreichen <strong>\u200e<\/strong>Ramadan einl\u00e4utet sowie dessen Wohl und <strong>\u200e<\/strong>Gl\u00fcck erleben l\u00e4sst. Wir sind dem erhabenen <strong>\u200e<\/strong>Allah unendlich dankbar und preisen Ihn <strong>\u200e<\/strong>grenzenlos, dass Er uns diese segensreiche <strong>\u200e<\/strong>Nacht in diesem z\u00fcgig vergehenden Leben <strong>\u200e<\/strong>nochmals erleben lassen und uns dadurch eine <strong>\u200e<\/strong>sch\u00f6ne Gelegenheit gegeben hat.<strong>\u200e<\/strong><\/p>\n<p>Solche N\u00e4chte der Barmherzigkeit sollten <strong>\u200e<\/strong>seitens der Menschen als Stationen der <strong>\u200e<\/strong>Vergangenheitsbew\u00e4ltigung und der <strong>\u200e<\/strong>Selbstreflexion dazu genutzt werden, damit wir <strong>\u200e<\/strong>\u00fcber unsere Existenz tiefgr\u00fcndig <strong>\u200e<\/strong>nachdenken <strong>\u200e<\/strong>und uns in<strong>\u200e<\/strong> Rechenschaft ziehen k\u00f6nnen. Durch solche N\u00e4chte <strong>\u200e<\/strong>werden wir von Zeit zu Zeit unserer <strong>\u200e<\/strong>vernachl\u00e4ssigten Gottesdienerschaft besser <strong>\u200e<\/strong>bewusst. Dadurch geben wir uns mehr Acht <strong>\u200e<\/strong>und haben die M\u00f6glichkeit, unsere<strong>\u200e\u00a0<\/strong>Beziehungen mit Allah erneut zu regeln. Diese <strong>\u200e<\/strong>N\u00e4chte laden uns dazu ein, unsere <strong>\u200e<\/strong>Vergangenheit im Lichte der Ma\u00dfst\u00e4be des <strong>\u200e<\/strong>Korans und der Sunna aufzuarbeiten, unseren <strong>\u200e<\/strong>aktuellen Zustand zu bewerten und unsere <strong>\u200e<\/strong>Zukunft zu konstruieren. Diese segensreiche <strong>\u200e<\/strong>Nacht ist sowohl Zeit f\u00fcr Reue als auch <strong>\u200e<\/strong>Hoffnung.<strong>\u200e<\/strong><\/p>\n<p>Berat ist der Tag, den Gesch\u00f6pfen zu vergeben <strong>\u200e<\/strong>um selbst die Vergebung und Barmherzigkeit <strong>\u200e<\/strong>des erhabenen Allahs genie\u00dfen zu k\u00f6nnen. Wer <strong>\u200e<\/strong>Allah um Verzeihung bittet, sollte selbst <strong>\u200e<\/strong>verzeihend sein. Wer Allah um Vergebung <strong>\u200e<\/strong>bittet, sollte selbst vergebend sein. Hierzu <strong>\u200e<\/strong>sollten wir uns erneuern und gegen\u00fcber uns <strong>\u200e<\/strong>selbst, unserem Ehepartner, unseren Kindern, <strong>\u200e<\/strong>unseren Nachbarn, der ganzen Menschheit und <strong>\u200e<\/strong>der ganzen Sch\u00f6pfung vergebend sein. Berat <strong>\u200e<\/strong>ist der Tag, an dem die gebrochenen Herzen <strong>\u200e<\/strong>restauriert werden, die Mauern des \u00c4rgers <strong>\u200e<\/strong>niedergerissen werden und die Gef\u00fchle von <strong>\u200e<\/strong>Hass, Groll und Rache \u00fcberwunden werden. Es <strong>\u200e<\/strong>ist der Tag, die Geschaffenen zu vergeben um <strong>\u200e<\/strong>die Vergebung des Sch\u00f6pfers erlangen zu <strong>\u200e<\/strong>k\u00f6nnen.<strong>\u200e<\/strong><\/p>\n<p>In diesem Sinne gratulieren wir allen voran den <strong>\u200e<\/strong>Muslimen in M\u00f6nchengladbach und in der ganzen <strong>\u200e<\/strong>Welt zur Nacht der Vergebung. Wir w\u00fcnsche <strong>\u200e<\/strong>von Allah, dass Er uns als islamische Welt die <strong>\u200e<\/strong>M\u00f6glichkeit geben m\u00f6ge, dass wir mit gel\u00e4uterten Herzen <strong>\u200e<\/strong>und befreit von den Lasten unserer S\u00fcnden den <strong>\u200e<\/strong>gesegneten Ramadan in Frieden, <strong>\u200e<\/strong>Wohl und Sicherheit erreichen k\u00f6nnen.<strong>\u200e<\/strong><\/p>\n","protected":false},"excerpt":{"rendered":"<p>Die \u200egesegnete \u200eNacht der Vergebung, die uns als\u00a0\u200eVorbote des Ramadans jedes Jahr erfreut und \u200edie erneut die \u00c4ra der Barmherzigkeit, \u200eVergebung und L\u00e4uterung im segensreichen \u200eRamadan einl\u00e4utet sowie dessen Wohl und \u200eGl\u00fcck erleben l\u00e4sst. Wir sind dem erhabenen \u200eAllah unendlich dankbar und preisen Ihn \u200egrenzenlos, dass Er uns diese segensreiche \u200eNacht in diesem z\u00fcgig vergehenden [&hellip;]<\/p>\n","protected":false},"author":1,"featured_media":411,"comment_status":"closed","ping_status":"closed","sticky":false,"template":"","format":"standard","meta":[],"categories":[3],"tags":[21],"translation":{"provider":"WPGlobus","version":"2.6.0","language":"de","enabled_languages":["tr","de"],"languages":{"tr":{"title":true,"content":true,"excerpt":false},"de":{"title":true,"content":true,"excerpt":false}}},"_links":{"self":[{"href":"https:\/\/www.mgdiyanet.de\/de\/wp-json\/wp\/v2\/posts\/407"}],"collection":[{"href":"https:\/\/www.mgdiyanet.de\/de\/wp-json\/wp\/v2\/posts"}],"about":[{"href":"https:\/\/www.mgdiyanet.de\/de\/wp-json\/wp\/v2\/types\/post"}],"author":[{"embeddable":true,"href":"https:\/\/www.mgdiyanet.de\/de\/wp-json\/wp\/v2\/users\/1"}],"replies":[{"embeddable":true,"href":"https:\/\/www.mgdiyanet.de\/de\/wp-json\/wp\/v2\/comments?post=407"}],"version-history":[{"count":5,"href":"https:\/\/www.mgdiyanet.de\/de\/wp-json\/wp\/v2\/posts\/407\/revisions"}],"predecessor-version":[{"id":414,"href":"https:\/\/www.mgdiyanet.de\/de\/wp-json\/wp\/v2\/posts\/407\/revisions\/414"}],"wp:featuredmedia":[{"embeddable":true,"href":"https:\/\/www.mgdiyanet.de\/de\/wp-json\/wp\/v2\/media\/411"}],"wp:attachment":[{"href":"https:\/\/www.mgdiyanet.de\/de\/wp-json\/wp\/v2\/media?parent=407"}],"wp:term":[{"taxonomy":"category","embeddable":true,"href":"https:\/\/www.mgdiyanet.de\/de\/wp-json\/wp\/v2\/categories?post=407"},{"taxonomy":"post_tag","embeddable":true,"href":"https:\/\/www.mgdiyanet.de\/de\/wp-json\/wp\/v2\/tags?post=407"}],"curies":[{"name":"wp","href":"https:\/\/api.w.org\/{rel}","templated":true}]}}