{"id":422,"date":"2018-05-15T10:30:50","date_gmt":"2018-05-15T10:30:50","guid":{"rendered":"http:\/\/www.mgdiyanet.de\/?p=422"},"modified":"2018-05-15T13:45:55","modified_gmt":"2018-05-15T13:45:55","slug":"ramazan-programi","status":"publish","type":"post","link":"https:\/\/www.mgdiyanet.de\/de\/ramazan-programi","title":{"rendered":"Wir w\u00fcnschen einen Gesegnetes Ramadan"},"content":{"rendered":"<h5><a href=\"https:\/\/www.mgdiyanet.de\/wp-content\/uploads\/2017\/05\/cizgi.png\" data-rel=\"lightbox-image-0\" data-rl_title=\"\" data-rl_caption=\"\" title=\"\"><img loading=\"lazy\" class=\"size-medium wp-image-424 aligncenter\" src=\"https:\/\/www.mgdiyanet.de\/wp-content\/uploads\/2017\/05\/cizgi-300x60.png\" alt=\"\" width=\"300\" height=\"60\" srcset=\"https:\/\/www.mgdiyanet.de\/wp-content\/uploads\/2017\/05\/cizgi-300x60.png 300w, https:\/\/www.mgdiyanet.de\/wp-content\/uploads\/2017\/05\/cizgi.png 500w\" sizes=\"(max-width: 300px) 100vw, 300px\" \/><\/a>Wir w\u00fcnschen allen Musliminnen und Muslimen ein gesegneten Heiligen Monat Ramadan. M\u00f6ge Allah (t) unser Fasten, unsere Gebet und Bittgebete w\u00e4hrend des diesj\u00e4hrigen Ramadan annehmen. Und m\u00f6gen wir zum Abschluss die M\u00f6glichkeit haben, die Feste in Besinnung und Fr\u00f6hlichkeit zu feiern.<\/h5>\n<h5>Am Dienstag, 15. Mai 2018 werden die ersten \u200eTarawih-Gebete verrichtet. In der selben \u200eNacht werden die Sahur-Tische f\u00fcr das \u200eFastenfr\u00fchst\u00fcck vorbereitet und am Freitag den \u200e\u200e15. Juni 2018 feiern wir gemeinsam den Ramadan Fest.\u200e<\/h5>\n<h4><strong>Einladung zum Gemeinsamen Fastenbrechen<\/strong><\/h4>\n<h5>F\u00fcr Muslime ist der Monat Ramadan eine Zeit des Teilens, der Liebe, der Geschwisterlichkeit, des Segens und der Barmherzigkeit, deshalb treffen sich jeden Abend Menschen verschiedener Nationen, Religionen und Hautfarben\u00a0zum Gemeinsamen Fastenbrechen,\u00a0\u00a0auch Sie sind Herzlichst eingeladen.<\/h5>\n<h5>Jeden Abend ab 21:25 Uhr brechen etwa 300 bis 400 Muslime bei uns gemeinsam das Fasten.<\/h5>\n<p><img loading=\"lazy\" class=\"aligncenter size-medium wp-image-632\" src=\"https:\/\/www.mgdiyanet.de\/wp-content\/uploads\/2018\/05\/yemek-300x154.jpg\" alt=\"\" width=\"300\" height=\"154\" srcset=\"https:\/\/www.mgdiyanet.de\/wp-content\/uploads\/2018\/05\/yemek-300x154.jpg 300w, https:\/\/www.mgdiyanet.de\/wp-content\/uploads\/2018\/05\/yemek-230x118.jpg 230w, https:\/\/www.mgdiyanet.de\/wp-content\/uploads\/2018\/05\/yemek-350x180.jpg 350w, https:\/\/www.mgdiyanet.de\/wp-content\/uploads\/2018\/05\/yemek-480x246.jpg 480w, https:\/\/www.mgdiyanet.de\/wp-content\/uploads\/2018\/05\/yemek.jpg 682w\" sizes=\"(max-width: 300px) 100vw, 300px\" \/><\/p>\n<h5>M\u00f6ge Gott unser Land und alle seine B\u00fcrgerinnen und B\u00fcrger sch\u00fctzen.\u00a0Frieden auf Euch und Allahs Barmherzigkeit und Segen.<\/h5>\n<p><img loading=\"lazy\" class=\"aligncenter size-medium wp-image-424\" src=\"https:\/\/www.mgdiyanet.de\/wp-content\/uploads\/2017\/05\/cizgi-300x60.png\" alt=\"\" width=\"300\" height=\"60\" srcset=\"https:\/\/www.mgdiyanet.de\/wp-content\/uploads\/2017\/05\/cizgi-300x60.png 300w, https:\/\/www.mgdiyanet.de\/wp-content\/uploads\/2017\/05\/cizgi.png 500w\" sizes=\"(max-width: 300px) 100vw, 300px\" \/><\/p>\n","protected":false},"excerpt":{"rendered":"<p>Wir w\u00fcnschen allen Musliminnen und Muslimen ein gesegneten Heiligen Monat Ramadan. M\u00f6ge Allah (t) unser Fasten, unsere Gebet und Bittgebete w\u00e4hrend des diesj\u00e4hrigen Ramadan annehmen. Und m\u00f6gen wir zum Abschluss die M\u00f6glichkeit haben, die Feste in Besinnung und Fr\u00f6hlichkeit zu feiern. Am Dienstag, 15. Mai 2018 werden die ersten \u200eTarawih-Gebete verrichtet. In der selben \u200eNacht [&hellip;]<\/p>\n","protected":false},"author":1,"featured_media":647,"comment_status":"closed","ping_status":"closed","sticky":false,"template":"","format":"standard","meta":[],"categories":[3],"tags":[28,27],"translation":{"provider":"WPGlobus","version":"2.6.0","language":"de","enabled_languages":["tr","de"],"languages":{"tr":{"title":true,"content":true,"excerpt":false},"de":{"title":true,"content":true,"excerpt":false}}},"_links":{"self":[{"href":"https:\/\/www.mgdiyanet.de\/de\/wp-json\/wp\/v2\/posts\/422"}],"collection":[{"href":"https:\/\/www.mgdiyanet.de\/de\/wp-json\/wp\/v2\/posts"}],"about":[{"href":"https:\/\/www.mgdiyanet.de\/de\/wp-json\/wp\/v2\/types\/post"}],"author":[{"embeddable":true,"href":"https:\/\/www.mgdiyanet.de\/de\/wp-json\/wp\/v2\/users\/1"}],"replies":[{"embeddable":true,"href":"https:\/\/www.mgdiyanet.de\/de\/wp-json\/wp\/v2\/comments?post=422"}],"version-history":[{"count":23,"href":"https:\/\/www.mgdiyanet.de\/de\/wp-json\/wp\/v2\/posts\/422\/revisions"}],"predecessor-version":[{"id":654,"href":"https:\/\/www.mgdiyanet.de\/de\/wp-json\/wp\/v2\/posts\/422\/revisions\/654"}],"wp:featuredmedia":[{"embeddable":true,"href":"https:\/\/www.mgdiyanet.de\/de\/wp-json\/wp\/v2\/media\/647"}],"wp:attachment":[{"href":"https:\/\/www.mgdiyanet.de\/de\/wp-json\/wp\/v2\/media?parent=422"}],"wp:term":[{"taxonomy":"category","embeddable":true,"href":"https:\/\/www.mgdiyanet.de\/de\/wp-json\/wp\/v2\/categories?post=422"},{"taxonomy":"post_tag","embeddable":true,"href":"https:\/\/www.mgdiyanet.de\/de\/wp-json\/wp\/v2\/tags?post=422"}],"curies":[{"name":"wp","href":"https:\/\/api.w.org\/{rel}","templated":true}]}}