{"id":447,"date":"2017-06-24T09:04:14","date_gmt":"2017-06-24T09:04:14","guid":{"rendered":"http:\/\/www.mgdiyanet.de\/?p=447"},"modified":"2017-06-28T07:40:36","modified_gmt":"2017-06-28T07:40:36","slug":"bayram-namazi-saati","status":"publish","type":"post","link":"https:\/\/www.mgdiyanet.de\/de\/bayram-namazi-saati","title":{"rendered":"Gesegnetes Ramadanfest"},"content":{"rendered":"<h4>Botschaft zum Ramadanfest<\/h4>\n<p>Als islamische Welt f\u00fchlen wir das Wohl \u200eund Gl\u00fcck in unseren Herzen, am Sonntag, \u200e\u200e25. Juni 2017 ein neues Ramadanfest zu \u200eerleben. Wir bitten Allah darum, dass Er uns \u200eauch n\u00e4chstes Jahr die Periode der \u200eBarmherzigkeit, des Vergebens und des \u200eSegens gesund und wohlbehalten wieder \u200eerreichen lassen m\u00f6ge.\u200e<\/p>\n<p>In der einmonatigen Atmosph\u00e4re des \u200eRamadans haben wir die gro\u00dfe Freude \u00fcber \u200edie herzliche Wonne gesp\u00fcrt, die die \u200eprofunde spirituelle Ausbildung des Fastens, \u200eder Segen des n\u00e4chtlichen Fr\u00fchst\u00fccks \u200e\u200e(Sahur) und Fastenbrechens sowie die \u200eBegeisterung des Tarawihgebetes und der \u200eKoranrezitation erweckt haben. Durch diese \u200eintensiven Empfindungen haben sich unsere \u200eHerzen \u00fcberquollen, so dass wir unsere \u200eSpiritualit\u00e4t aufgefrischt haben.\u200e<!--more--><\/p>\n<p>Mit dem Motto des Ramadans im Jahr 2017 \u200e\u200e\u201cDu tr\u00e4gst Verantwortung f\u00fcr jedes \u200eLebewesen. Im Ramadan und jederzeit!\u201d \u200ewurde beabsichtigt, viele Eigenschaften und \u200eGottesdienste, die wir vergessen haben, \u200ewieder ins Ged\u00e4chtnis zu rufen. Sowohl f\u00fcr \u200edie Fortf\u00fchrung der individuellen als auch \u200egesellschaftlichen Ordnung und das \u200eGleichgewicht und Wohl der Individuen \u200eund der Gesellschaft ist die \u200eRechtssensibilit\u00e4t von unverzichtbarer \u200eBedeutung. Die Quelle der Rechte und der \u200eWahrheit ist Allah, der Erhabene, und Er hat \u200edie Sensibilit\u00e4t zum Recht und zur \u200eGerechtigkeit in die Natur des Menschen \u200eeingepr\u00e4gt. Folglich sollte in den Herzen \u200eauch verankert werden, dass \u200eRechtsverletzungen gegen\u00fcber Menschen \u200enicht nur Unterdr\u00fcckung und \u200eUngerechtigkeit, sondern gleichzeitig auch \u200eRespektlosigkeit gegen\u00fcber Allah sind. Das \u200eist unabdingbar, damit auf der Welt Frieden \u200eund Vertrauen herrschen kann.\u200e<\/p>\n<p>Feste sind die besonderen Zeitabschnitte, \u200edie uns mit der Zukunft vereinen und uns \u200eMuslimen Nachhaltigkeit in der Geschichte \u200everleihen. Als Erscheinungsformen der \u200eGlaubensgeschwisterlichkeit geh\u00f6ren Feste \u200ezu den Symbolen der Religion, die unser \u200emuslimisches Bewusstsein st\u00e4ndig best\u00e4rken. \u200eFeste sind solch gesegnete Zeitabschnitte, \u200edie die betreffende Zeit zur besonderen Zeit \u200eund die die Welt zu einer anderen Welt \u200emachen; die betr\u00fcbten Herzen Freude und \u200efrohe Botschaft erleben lassen; sowie sich \u200eder Wind der Begeisterung und des Friedens \u200ewellenf\u00f6rmig verbreiten. Diese Begeisterung \u200edonnert am Morgen des Festtages zusammen \u200emit den Ausrufen \u201eAllahu Akbar\u201c (Takbirat) \u200ean und wird vom Herzen zum Herzen, von \u200eHaus zu Haus getragen. Die Begeisterung \u200estr\u00f6mt dann auf die Stra\u00dfen und Pl\u00e4tze \u00fcber \u200eund findet Belebung in den Gesichtern \u200esowie Stimmen der Gl\u00e4ubigen. Feste sind \u200enicht gew\u00f6hnliche Feiertage, die jedes Jahr \u200ewiederkommen und wieder gehen, sondern \u200eTage, an denen gemeinsam, in Einheit und \u200eEintracht, Liebe und Respekt die sch\u00f6nsten \u200eBeispiele menschlicher und islamischer \u200eWerte dargeboten werden, wo sich alle \u200eGesellschaftsschichten miteinander \u200everschmelzen, gemeinsam teilen und \u200esolidarisieren.\u200e<\/p>\n<p>Wir als diejenigen, die in Frieden, Hoffnung \u200eund Vertrauen das Fest erreicht haben, \u200esollten heute die Hoffnungslosigkeit aus \u200eunseren Herzen entfernen und diejenigen \u200edamit erfreuen, die von uns die Heiterkeit \u200edes Festes sehnlichst erwarten. Wir sollten \u200emit Gebeten, Takbirat und Gr\u00fc\u00dfen die \u200eFreude und Heiterkeit des Festes vorerst in \u200euns selbst sp\u00fcren. Im Nachhinein sollten wir \u200eunsere herzlichsten und aufrichtigsten \u200eEmpfindungen zur Freude und Heiterkeit \u200edes Festes unseren Geschwistern, die das \u200eFest nur mit Schmerzen und Tr\u00e4nen \u200eerreichen konnten, versp\u00fcren lassen. \u200e<\/p>\n<p>Lassen sie uns die von Haus zu Haus \u200egetragenen Geschenke von den Herzen in \u200edie Herzen tragen! Lassen sie uns unsere \u200eEhepartner erfreuen, mit dem oder mit der \u200ewir die Schwierigkeiten des Lebens \u200egemeinsam schultern. Lassen sie uns \u200ekeinesfalls unsere M\u00fctter und V\u00e4ter als \u200eUrsache unserer Existenz vergessen und \u200elassen sie uns ihre wohlwollenden Bittgebete \u200eeinholen. Lassen sie uns unseren Kindern \u2013 \u200eals lebendige Feste unserer H\u00e4user \u2013 die \u200eBegeisterung dieses Gottesdienstes \u200evorstellen. Lassen sie uns gebrochene Herzen \u200erestaurieren, die sich zu uns fl\u00fcchten und \u200eAllahs hilflosen G\u00e4sten die Tore unseres \u200eHerzens \u00f6ffnen. Lassen sie uns verwundete \u200eund erm\u00fcdete Herzen sowie unsere \u200everwundete Geschwisterlichkeit restaurieren. \u200eLassen sie uns untereinander vorhandenen \u200eGroll &#8211; als schwerste Last der Herzen- \u200ebeenden. Lassen sie uns diejenigen erfreuen, \u200edie sonst kein Fest begehen k\u00f6nnen.\u200e<\/p>\n<p>In diesem Sinne gratuliere ich allen voran \u200eden Muslimen in Deutschland und allen \u200eMuslimen mit der Hoffnung, dass in der \u200eWelt alle Feste so wie wirkliche Feste \u200ebegangen werden, sowie Frieden und \u200eWohlbefinden herrschen und das flie\u00dfende \u200eBlut und die flie\u00dfenden Tr\u00e4nen \u00fcberwunden \u200ewerden k\u00f6nnen. Ich hoffe von Allah, dem \u200eErhabenen, dass sich f\u00fcr die islamische Welt \u200eund die ganze Menschheit das Ramadanfest \u200ezu einem Fest und zur Freude im wahren \u200eSinne wenden m\u00f6ge.\u200e<\/p>\n<p>Prof. Dr. Nevzat Ya\u015far A\u015f\u0131ko\u011flu<br \/>\nDITIB Bundesvorsitzender<\/p>\n","protected":false},"excerpt":{"rendered":"<p>Botschaft zum Ramadanfest Als islamische Welt f\u00fchlen wir das Wohl \u200eund Gl\u00fcck in unseren Herzen, am Sonntag, \u200e\u200e25. Juni 2017 ein neues Ramadanfest zu \u200eerleben. Wir bitten Allah darum, dass Er uns \u200eauch n\u00e4chstes Jahr die Periode der \u200eBarmherzigkeit, des Vergebens und des \u200eSegens gesund und wohlbehalten wieder \u200eerreichen lassen m\u00f6ge.\u200e In der einmonatigen Atmosph\u00e4re [&hellip;]<\/p>\n","protected":false},"author":1,"featured_media":0,"comment_status":"closed","ping_status":"closed","sticky":false,"template":"","format":"standard","meta":[],"categories":[3],"tags":[22],"translation":{"provider":"WPGlobus","version":"2.6.0","language":"de","enabled_languages":["tr","de"],"languages":{"tr":{"title":true,"content":true,"excerpt":false},"de":{"title":true,"content":true,"excerpt":false}}},"_links":{"self":[{"href":"https:\/\/www.mgdiyanet.de\/de\/wp-json\/wp\/v2\/posts\/447"}],"collection":[{"href":"https:\/\/www.mgdiyanet.de\/de\/wp-json\/wp\/v2\/posts"}],"about":[{"href":"https:\/\/www.mgdiyanet.de\/de\/wp-json\/wp\/v2\/types\/post"}],"author":[{"embeddable":true,"href":"https:\/\/www.mgdiyanet.de\/de\/wp-json\/wp\/v2\/users\/1"}],"replies":[{"embeddable":true,"href":"https:\/\/www.mgdiyanet.de\/de\/wp-json\/wp\/v2\/comments?post=447"}],"version-history":[{"count":11,"href":"https:\/\/www.mgdiyanet.de\/de\/wp-json\/wp\/v2\/posts\/447\/revisions"}],"predecessor-version":[{"id":513,"href":"https:\/\/www.mgdiyanet.de\/de\/wp-json\/wp\/v2\/posts\/447\/revisions\/513"}],"wp:attachment":[{"href":"https:\/\/www.mgdiyanet.de\/de\/wp-json\/wp\/v2\/media?parent=447"}],"wp:term":[{"taxonomy":"category","embeddable":true,"href":"https:\/\/www.mgdiyanet.de\/de\/wp-json\/wp\/v2\/categories?post=447"},{"taxonomy":"post_tag","embeddable":true,"href":"https:\/\/www.mgdiyanet.de\/de\/wp-json\/wp\/v2\/tags?post=447"}],"curies":[{"name":"wp","href":"https:\/\/api.w.org\/{rel}","templated":true}]}}