{"id":456,"date":"2017-06-10T18:41:04","date_gmt":"2017-06-10T18:41:04","guid":{"rendered":"http:\/\/www.mgdiyanet.de\/?p=456"},"modified":"2017-06-26T08:06:34","modified_gmt":"2017-06-26T08:06:34","slug":"koeln-merkez-camii-ibadete-acildi","status":"publish","type":"post","link":"https:\/\/www.mgdiyanet.de\/de\/koeln-merkez-camii-ibadete-acildi","title":{"rendered":"Gebetssaal der DITIB-Zentralmoschee K\u00f6ln geht in Nutzung"},"content":{"rendered":"<p>Die K\u00f6lner Zentralmoschee feierte ihren bislang gr\u00f6\u00dften Moment \u2013 die T\u00fcrkisch-Islamische Union \u00fcbergab zum heutigen, zweiten Freitagsgebet im Ramadan den Kuppelsaal erstmalig der Nutzung. Die K\u00f6lner Zentralmoschee mit Gemeindezentrum, deren Grundsteinlegung am 07.11.2009 erfolgte, ist nunmehr zum Gro\u00dfteil fertiggestellt. Mit dem Freitagsgebet werden die Gebete ab sofort im Kuppelsaal verrichtet. Die beeindruckende Innenraumgestaltung im Zusammenspiel mit der Architektur begeisterte alle Besucher gleicherma\u00dfen.<\/p>\n<p><iframe width=\"1170\" height=\"658\" src=\"https:\/\/www.youtube.com\/embed\/F5hTbgTbukc?feature=oembed\" frameborder=\"0\" allow=\"autoplay; encrypted-media\" allowfullscreen><\/iframe><\/p>\n","protected":false},"excerpt":{"rendered":"<p>Die K\u00f6lner Zentralmoschee feierte ihren bislang gr\u00f6\u00dften Moment \u2013 die T\u00fcrkisch-Islamische Union \u00fcbergab zum heutigen, zweiten Freitagsgebet im Ramadan den Kuppelsaal erstmalig der Nutzung. Die K\u00f6lner Zentralmoschee mit Gemeindezentrum, deren Grundsteinlegung am 07.11.2009 erfolgte, ist nunmehr zum Gro\u00dfteil fertiggestellt. Mit dem Freitagsgebet werden die Gebete ab sofort im Kuppelsaal verrichtet. Die beeindruckende Innenraumgestaltung im Zusammenspiel [&hellip;]<\/p>\n","protected":false},"author":1,"featured_media":461,"comment_status":"closed","ping_status":"closed","sticky":false,"template":"","format":"standard","meta":[],"categories":[3],"tags":[24,23],"translation":{"provider":"WPGlobus","version":"2.6.0","language":"de","enabled_languages":["tr","de"],"languages":{"tr":{"title":true,"content":true,"excerpt":false},"de":{"title":true,"content":true,"excerpt":false}}},"_links":{"self":[{"href":"https:\/\/www.mgdiyanet.de\/de\/wp-json\/wp\/v2\/posts\/456"}],"collection":[{"href":"https:\/\/www.mgdiyanet.de\/de\/wp-json\/wp\/v2\/posts"}],"about":[{"href":"https:\/\/www.mgdiyanet.de\/de\/wp-json\/wp\/v2\/types\/post"}],"author":[{"embeddable":true,"href":"https:\/\/www.mgdiyanet.de\/de\/wp-json\/wp\/v2\/users\/1"}],"replies":[{"embeddable":true,"href":"https:\/\/www.mgdiyanet.de\/de\/wp-json\/wp\/v2\/comments?post=456"}],"version-history":[{"count":8,"href":"https:\/\/www.mgdiyanet.de\/de\/wp-json\/wp\/v2\/posts\/456\/revisions"}],"predecessor-version":[{"id":474,"href":"https:\/\/www.mgdiyanet.de\/de\/wp-json\/wp\/v2\/posts\/456\/revisions\/474"}],"wp:featuredmedia":[{"embeddable":true,"href":"https:\/\/www.mgdiyanet.de\/de\/wp-json\/wp\/v2\/media\/461"}],"wp:attachment":[{"href":"https:\/\/www.mgdiyanet.de\/de\/wp-json\/wp\/v2\/media?parent=456"}],"wp:term":[{"taxonomy":"category","embeddable":true,"href":"https:\/\/www.mgdiyanet.de\/de\/wp-json\/wp\/v2\/categories?post=456"},{"taxonomy":"post_tag","embeddable":true,"href":"https:\/\/www.mgdiyanet.de\/de\/wp-json\/wp\/v2\/tags?post=456"}],"curies":[{"name":"wp","href":"https:\/\/api.w.org\/{rel}","templated":true}]}}