{"id":524,"date":"2017-06-30T07:54:56","date_gmt":"2017-06-30T07:54:56","guid":{"rendered":"http:\/\/www.mgdiyanet.de\/?p=524"},"modified":"2017-06-30T07:57:35","modified_gmt":"2017-06-30T07:57:35","slug":"hayirli-cumalar","status":"publish","type":"post","link":"https:\/\/www.mgdiyanet.de\/de\/hayirli-cumalar","title":{"rendered":"Freitagspredigt"},"content":{"rendered":"<p>Wir sind betr\u00fcbt, noch einen Ramadan, der \u200emit all seinen sch\u00f6nen Werten unsere Seele \u200eumschlossen und unser Ego gel\u00e4utert hat, \u200everabschiedet zu haben. Trotz dieses \u200ebetr\u00fcbenden Abschieds, hinterl\u00e4sst der \u200eMonat Ramadan\u00a0 bleibende Spuren in den \u200eHerzen der Gl\u00e4ubigen. Nun ist es Zeit, die im \u200eRamadan angeeigneten sch\u00f6nen \u200eAngewohnheiten zu bewahren, zu \u200epraktizieren und unser ganzes Leben lang \u200efortzuf\u00fchren.\u200e<\/p>\n<p>Meine geehrten Geschwister!\u200e<\/p>\n<p>Wir haben im Ramadan vor allem Durst und \u200eHunger erlebt und versucht, die Situation der \u200eBed\u00fcrftigen und Alleingelassenen zu \u200everstehen. Unsere Sensibilit\u00e4t wurde \u200egesteigert und wir hatten das Gl\u00fcck, die \u200eProbleme der Bed\u00fcrftigen und \u200eAlleinstehenden erleben zu d\u00fcrfen. Werden \u200ewir -weil der gesegnete Ramadan zu Ende ist- \u200enun davon ausgehen, dass auch die \u200eBed\u00fcrfnisse dieser Bed\u00fcrftigen nicht mehr \u200evorhanden sind und werden wir deshalb \u200eschlussfolgern, dass auch unsere \u200eVerantwortungen nicht mehr bestehen?\u200e<\/p>\n<p>Einen Monat lang haben wir versucht, \u200eunseren Charakter zu verbessern. Manchmal \u200ehat unser Ego uns besiegt; aber best\u00e4rkt \u200edurch die spirituelle Kraft dieses Monats \u200ehaben wir uns aufgrund unseres Glaubens \u200eerneut aufgeraffen und besinnen k\u00f6nnen. \u200eWir haben unser Verhalten verbessert; wir \u200ehaben unsere Augen vor dem Anblick des \u200eVerbotenen (haram), unsere Ohren vor \u200eb\u00f6sen Worten und unsere Zunge vor leeren \u200eWorten bewahrt. Werden wir nun, weil der \u200egesegnete Ramadan zu Ende ist, uns von \u200ediesen sch\u00f6nen Dingen auf einmal \u200eabkehren?\u200e<!--more--><\/p>\n<p>Werte Muslime!\u200e<\/p>\n<p>Dem Gebot: \u201cUnd haltet fest an Allahs Seil \u200e\u200e[dem Koran] allesamt und zerfallt nicht\u201d<sup>1<\/sup>\u200egehorchend, haben wir die Gegenlesetradition \u200e\u200e(Muqabala) eingehalten. Wir haben versucht, \u200eden edlen Koran zu verstehen und in \u200eunserem Leben umzusetzen.\u00a0 Werden wir \u200e -weil der gesegnete Ramadan zu Ende ist- nun \u200eden edlen Koran in eine Ecke verdr\u00e4ngen, \u200euns von ihm abkehren und dieses spirituelle \u200eSeil zur Rechtleitung loslassen?\u200e<\/p>\n<p>Mit dem Fasten im segensreichen Ramadan \u200ehaben wir nochmals unsere Geduld und \u200eunsere Ausdauer geschult. Werden wir mit \u200edem Ende des Ramadans, uns wieder in \u200eUngelduld kleiden?\u200e<\/p>\n<p>Nat\u00fcrlich ist unsere Antwort auf all diese \u200eFragen ein klares \u201cNein!\u201d Diese Antwort \u200ewird \u2013so Allah will\u2013 uns den Weg f\u00fcr unser \u200eLeben nach dem Ramadan weisen.\u200e<\/p>\n<p>Das Fazit, geehrte Muslime, ist folglich!\u200e<\/p>\n<p>Wir sollten uns dem Wert der Gaben und \u200edem Wert unseres Lebens bewusst sein. Die \u200eim Monat Ramadan angeeigneten Werte und Angewohnheiten auf unser ganzes Leben \u200eauszuweiten, wird nat\u00fcrlich die beste Tat \u200esein, die wir ausf\u00fchren k\u00f6nnen, um unser \u200eLeben gl\u00fccklich und im Bewusstsein unserer \u200eVerantwortungen f\u00fchren zu k\u00f6nnen. Es ist \u200eerforderlich, unser Bewusstsein des \u200eGottesdienstes und der Dienerschaft im \u200eSinne des Verses: \u201cUnd diene deinem Herrn, \u200ebis die Gewissheit [des Todes] zu dir \u200ekommt\u201d<sup>2<\/sup> st\u00e4ndig aufrecht und pr\u00e4sent zu \u200ehalten. \u200e<\/p>\n<p>Als letztes m\u00f6chte ich daran erinnern, dass \u200ewir eine goldene M\u00f6glichkeit vor uns haben, \u200ewenn wir das Fasten im Monat Schawwal \u200eeinhalten. Unser geliebter Prophet (s) hat \u200eempfohlen, nach dem Ramadanfest sechs \u200eTage im Monat Schawwal zu fasten. Er hat \u200everhei\u00dfen, dass jemand, der sechs Tage im \u200eMonat Schawwal fastet so viel an Wohltaten \u200eernten wird, wie jemand der das ganze Jahr \u200efastend verbracht h\u00e4tte.\u200e<\/p>\n<p>Ich m\u00f6chte meine Predigt mit den folgenden \u200esch\u00f6nen \u00dcberlieferungen unseres Propheten \u200ebeenden: \u201cBei Allah ist die beste der Taten \u200ediejenige, die nachhaltig durchgef\u00fchrt wird, \u200eauch wenn es wenig sein mag.\u201d<sup>3<\/sup> \u201cSolange \u200eder Gl\u00e4ubige sich helfend seinen \u200eGeschwistern widmet, steht Allah seines \u200eDieners zur Seite&#8230;\u201d<sup>4\u200e<\/sup><\/p>\n<p>&nbsp;<\/p>\n<p>Abd\u00fclhami Altun<br \/>\nReligionsbeauftragter \u200eDITIB L\u00f6rrach Moschee<\/p>\n","protected":false},"excerpt":{"rendered":"<p>B\u00fct\u00fcn g\u00fczellikleri ile ruhumuzu ku\u015fatan ve nefsimizi ar\u0131nd\u0131ran bir Ramazan ay\u0131n\u0131 daha u\u011furlaman\u0131n h\u00fczn\u00fc i\u00e7indeyiz. Ancak bu, h\u00fcz\u00fcnl\u00fc bir veda olsa da, Ramazan ay\u0131, y\u00fcrekleri h\u00fcz\u00fcnl\u00fc m\u00fc\u2019minlerde unutulmamas\u0131 gereken izler b\u0131rak\u0131yor. \u00a0\u015eimdi, bizlerden raz\u0131 oldu\u011funu \u00fcmit etti\u011fimiz Ramazan\u2019da kazand\u0131\u011f\u0131m\u0131z g\u00fczellikleri koruma, bunlar\u0131 hayat\u0131m\u0131za aktarma ve t\u00fcm hayat\u0131m\u0131z boyunca devam ettirme vaktidir. Her \u015feyden \u00f6nce, bu [&hellip;]<\/p>\n","protected":false},"author":1,"featured_media":424,"comment_status":"closed","ping_status":"closed","sticky":false,"template":"","format":"standard","meta":[],"categories":[13],"tags":[],"translation":{"provider":"WPGlobus","version":"2.6.0","language":"de","enabled_languages":["tr","de"],"languages":{"tr":{"title":true,"content":true,"excerpt":false},"de":{"title":true,"content":true,"excerpt":false}}},"_links":{"self":[{"href":"https:\/\/www.mgdiyanet.de\/de\/wp-json\/wp\/v2\/posts\/524"}],"collection":[{"href":"https:\/\/www.mgdiyanet.de\/de\/wp-json\/wp\/v2\/posts"}],"about":[{"href":"https:\/\/www.mgdiyanet.de\/de\/wp-json\/wp\/v2\/types\/post"}],"author":[{"embeddable":true,"href":"https:\/\/www.mgdiyanet.de\/de\/wp-json\/wp\/v2\/users\/1"}],"replies":[{"embeddable":true,"href":"https:\/\/www.mgdiyanet.de\/de\/wp-json\/wp\/v2\/comments?post=524"}],"version-history":[{"count":3,"href":"https:\/\/www.mgdiyanet.de\/de\/wp-json\/wp\/v2\/posts\/524\/revisions"}],"predecessor-version":[{"id":526,"href":"https:\/\/www.mgdiyanet.de\/de\/wp-json\/wp\/v2\/posts\/524\/revisions\/526"}],"wp:featuredmedia":[{"embeddable":true,"href":"https:\/\/www.mgdiyanet.de\/de\/wp-json\/wp\/v2\/media\/424"}],"wp:attachment":[{"href":"https:\/\/www.mgdiyanet.de\/de\/wp-json\/wp\/v2\/media?parent=524"}],"wp:term":[{"taxonomy":"category","embeddable":true,"href":"https:\/\/www.mgdiyanet.de\/de\/wp-json\/wp\/v2\/categories?post=524"},{"taxonomy":"post_tag","embeddable":true,"href":"https:\/\/www.mgdiyanet.de\/de\/wp-json\/wp\/v2\/tags?post=524"}],"curies":[{"name":"wp","href":"https:\/\/api.w.org\/{rel}","templated":true}]}}