{"id":549,"date":"2017-09-28T13:43:32","date_gmt":"2017-09-28T13:43:32","guid":{"rendered":"http:\/\/www.mgdiyanet.de\/?p=549"},"modified":"2017-09-28T14:54:10","modified_gmt":"2017-09-28T14:54:10","slug":"einladung-zum-tag-der-offenen-moschee-2017","status":"publish","type":"post","link":"https:\/\/www.mgdiyanet.de\/de\/einladung-zum-tag-der-offenen-moschee-2017","title":{"rendered":"Einladung zum Tag der offenen Moschee 2017"},"content":{"rendered":"<p>Traditionell \u00f6ffnet der DITIB-Verband am 3. Oktober wieder die T\u00fcren seiner 900 Moscheegemeinden bundesweit. Den Tag der offenen Moschee (TOM) organisieren die im Koordinationsrat der Muslime (KRM) vertretenen islamischen Religionsgemeinschaften traditionell am Tag der deutschen Einheit und gestalten zusammen unter einem gemeinsamen Motto die Inhalte. Dieses Jahr wurde der Schwerpunkt \u201eGute Nachbarschaft \u2013 Bessere Gesellschaft\u201c als Motto gesetzt.<!--more--><\/p>\n<p>Damit wird die Bedeutung der Moschee als wichtiger und bereichernder Teil der Stadt und Gesellschaft, sowie ihre Bedeutung im Alltag aller Menschen, ungeachtet ihrer Religion und Kultur, hervorgehoben. Gleichzeitig wird das Augenmerk auf die Bedeutung des Miteinanders im zwischenmenschlichen Bereich gelenkt, und damit die Bedeutung des gegenseitigen Respekts und der Solidarit\u00e4t der Menschen untereinander f\u00fcr den Zusammenhalt und das Funktionieren der Gesellschaft betont.<\/p>\n<p>Dies soll ein Zeichen setzen und dahingehend wirken, dass die Moschee nicht als ein in sich geschlossener und isolierter Raum wahrgenommen wird, sondern als das, was sie nach islamischer \u00dcberzeugung ist: Das pulsierende Herz einer funktionierenden Gemeinschaft, das die Organe eben dieser Gesellschaft bis in die abgelegensten Bereiche versorgt, st\u00fctzt und mit Leben f\u00fcllt.<\/p>\n<p>Die M\u00f6nchengladbacher DITIB Zentralmoschee \u00f6ffnet sich den Besuchern zu diesem Anlass ihre T\u00fcren.<\/p>\n<p><strong>Am Montag den, 03.10.217 zwischen 12:15 Uhr bis 16:30 Uhr<\/strong><br \/>\n<strong>Beginn: 12.30 Uhr und 15.00 Uhr<\/strong><\/p>\n<p><strong>Programmablauf:<\/strong><br \/>\n<strong>1. Koran Rezitation und die Deutsche \u00dcbersetzung<\/strong><br \/>\n<strong>2. Unser Verein und unsere Aktivit\u00e4ten (PowerPoint-Pr\u00e4sentation)<\/strong><br \/>\n<strong>3. Fragen an den Vorbeter (Fragerunde)<\/strong><br \/>\n<strong>4. 13:31 Uhr Mittagsgebet<\/strong><br \/>\n<strong>5. Tee und Kaffee Versorgung<\/strong><br \/>\n<strong>Ab 13:31 Uhr Mittagsgebet (die G\u00e4ste haben die M\u00f6glichkeit dem Mittagsgebet zu folgen)<\/strong><br \/>\n<strong><br \/>\nPS: Au\u00dferhalb der Programmzeiten kann die Moschee auch zwischen 12:15 Uhr 16:30 Uhr selbstst\u00e4ndig\u00a0<\/strong><strong>besucht werden.<\/strong><\/p>\n<p>Angebote bundesweit (Link: <a href=\"http:\/\/tagderoffenenmoschee.de\/\" target=\"_blank\" rel=\"noopener\">http:\/\/tagderoffenenmoschee.de<\/a>)<\/p>\n","protected":false},"excerpt":{"rendered":"<p>DITIB M\u00f6nchengladbach Merkez Cami Almanya genelindeki Diyanet \u0130\u015fleri T\u00fcrk \u0130slam Birli\u011fi (D\u0130T\u0130B) ve ba\u011fl\u0131 derneklerinde her y\u0131l geleneksel olarak d\u00fczenlenen &#8222;A\u00e7\u0131k Cami G\u00fcn\u00fc&#8220; 3 Ekim&#8217;de yap\u0131lacak. 3 Ekim&#8217;de her y\u0131l Almanya genelinde t\u00fcm \u0130slami derneklerin kat\u0131l\u0131m\u0131yla camiler kap\u0131lar\u0131n\u0131 t\u00fcm ziyaretcilere a\u00e7\u0131yor.<\/p>\n","protected":false},"author":1,"featured_media":550,"comment_status":"closed","ping_status":"closed","sticky":false,"template":"","format":"standard","meta":[],"categories":[3],"tags":[26],"translation":{"provider":"WPGlobus","version":"2.6.0","language":"de","enabled_languages":["tr","de"],"languages":{"tr":{"title":true,"content":true,"excerpt":false},"de":{"title":true,"content":true,"excerpt":false}}},"_links":{"self":[{"href":"https:\/\/www.mgdiyanet.de\/de\/wp-json\/wp\/v2\/posts\/549"}],"collection":[{"href":"https:\/\/www.mgdiyanet.de\/de\/wp-json\/wp\/v2\/posts"}],"about":[{"href":"https:\/\/www.mgdiyanet.de\/de\/wp-json\/wp\/v2\/types\/post"}],"author":[{"embeddable":true,"href":"https:\/\/www.mgdiyanet.de\/de\/wp-json\/wp\/v2\/users\/1"}],"replies":[{"embeddable":true,"href":"https:\/\/www.mgdiyanet.de\/de\/wp-json\/wp\/v2\/comments?post=549"}],"version-history":[{"count":9,"href":"https:\/\/www.mgdiyanet.de\/de\/wp-json\/wp\/v2\/posts\/549\/revisions"}],"predecessor-version":[{"id":589,"href":"https:\/\/www.mgdiyanet.de\/de\/wp-json\/wp\/v2\/posts\/549\/revisions\/589"}],"wp:featuredmedia":[{"embeddable":true,"href":"https:\/\/www.mgdiyanet.de\/de\/wp-json\/wp\/v2\/media\/550"}],"wp:attachment":[{"href":"https:\/\/www.mgdiyanet.de\/de\/wp-json\/wp\/v2\/media?parent=549"}],"wp:term":[{"taxonomy":"category","embeddable":true,"href":"https:\/\/www.mgdiyanet.de\/de\/wp-json\/wp\/v2\/categories?post=549"},{"taxonomy":"post_tag","embeddable":true,"href":"https:\/\/www.mgdiyanet.de\/de\/wp-json\/wp\/v2\/tags?post=549"}],"curies":[{"name":"wp","href":"https:\/\/api.w.org\/{rel}","templated":true}]}}