{"id":590,"date":"2018-04-19T14:09:06","date_gmt":"2018-04-19T14:09:06","guid":{"rendered":"http:\/\/www.mgdiyanet.de\/?p=590"},"modified":"2018-04-19T14:40:10","modified_gmt":"2018-04-19T14:40:10","slug":"moenchengladbach-icin-2018-ramazan-imsakiyesi","status":"publish","type":"post","link":"https:\/\/www.mgdiyanet.de\/de\/moenchengladbach-icin-2018-ramazan-imsakiyesi","title":{"rendered":"Ramadan Kalender 2018 f\u00fcr M\u00f6nchengladbach"},"content":{"rendered":"<p style=\"text-align: center;\">Der Monat Ramadan beginnt am Mittwoch, den 16. Mai 2018<\/p>\n<p>Wir freuen uns \u00fcber das Kommen des \u200esegensreichsten Monats Ramadan, der unser \u200eLeben lenkt und in dem der edle Koran \u200eoffenbart wurde, der unsere Geistes- und \u200eHerzenswelt erhellt. Als Gl\u00e4ubige erleben wir \u200edie Freude \u00fcber das Eintreffen des \u200ebesonderen Monats Ramadan als Gebieter der \u200e\u00fcbrigen elf Monate, worin unser Buch des \u200eLebens, der edle Koran, st\u00e4ndig und \u200ewiederkehrend rezitiert und in die Praxis \u200eumgesetzt wird sowie jeder Person, der sich \u200evon den S\u00fcnden erl\u00f6sen und l\u00e4utern m\u00f6chte, \u200eeinen spirituellen Geist einhaucht.\u200e<\/p>\n<p>Am Dienstag den 15. Mai 2018 werden die ersten \u200eTarawih-Gebete verrichtet. In der selben \u200eNacht werden die Sahur-Tische f\u00fcr das \u200eFastenfr\u00fchst\u00fcck vorbereitet und ab Mittwoch den 16. Mai 2018 wird die einmonatige Saison \u200eder Barmherzigkeit, des Segens und der \u200eVergebung Gast in unseren H\u00e4usern, St\u00e4dten \u200eund L\u00e4ndern sein und Anlass daf\u00fcr sein, dass \u200edie mit der Liebe Allahs und des Propheten \u200eerf\u00fcllten Herzen der Gl\u00e4ubigen gel\u00e4utert \u200ewerden.\u200e<\/p>\n<p>Der Gesandte Allahs (s) zeigte der \u200eganzen \u200eMenschheit die Gerechtigkeit des \u200eIslams, die mit \u200eBarmherzigkeit verwoben ist, \u200esowie die Ethik des \u200eIslams, die mit Wissen \u200eund Weisheit verflochten \u200eist. Er sagte zum \u200eRamadan: \u201cDenjenigen Personen, \u200edie an \u200eAllah glaubend und den Lohn nur von \u200eAllah \u200eerwartend das Fasten im Ramadan \u200eeinhalten, \u200ewerden die vergangenen S\u00fcnden \u200evergeben.\u201d \u200e\u200e(al-Bukhari, Iman 28) Also werden wir \u200edie \u200eFreude erleben, diesen Monat \u200eder \u200eBarmherzigkeit und Vergebung mit \u200eLeben zu \u200ef\u00fcllen, worin diese Verhei\u00dfung des \u200ePropheten in \u200eErf\u00fcllung geht.\u200e<\/p>\n<p style=\"text-align: center;\">\n<a href=\"https:\/\/www.mgdiyanet.de\/wp-content\/uploads\/2018\/04\/imsakiye.jpg\" data-rel=\"lightbox-image-0\" data-rl_title=\"\" data-rl_caption=\"\" title=\"\"><img loading=\"lazy\" class=\"aligncenter size-large wp-image-567\" src=\"https:\/\/www.mgdiyanet.de\/wp-content\/uploads\/2018\/04\/imsakiye-726x1024.jpg\" alt=\"\" width=\"726\" height=\"1024\" srcset=\"https:\/\/www.mgdiyanet.de\/wp-content\/uploads\/2018\/04\/imsakiye-726x1024.jpg 726w, https:\/\/www.mgdiyanet.de\/wp-content\/uploads\/2018\/04\/imsakiye-213x300.jpg 213w, https:\/\/www.mgdiyanet.de\/wp-content\/uploads\/2018\/04\/imsakiye-768x1084.jpg 768w, https:\/\/www.mgdiyanet.de\/wp-content\/uploads\/2018\/04\/imsakiye.jpg 907w\" sizes=\"(max-width: 726px) 100vw, 726px\" \/><\/a><\/p>\n","protected":false},"excerpt":{"rendered":"<p>Der Monat Ramadan beginnt am Mittwoch, den 16. Mai 2018 Wir freuen uns \u00fcber das Kommen des \u200esegensreichsten Monats Ramadan, der unser \u200eLeben lenkt und in dem der edle Koran \u200eoffenbart wurde, der unsere Geistes- und \u200eHerzenswelt erhellt. Als Gl\u00e4ubige erleben wir \u200edie Freude \u00fcber das Eintreffen des \u200ebesonderen Monats Ramadan als Gebieter der \u200e\u00fcbrigen [&hellip;]<\/p>\n","protected":false},"author":1,"featured_media":0,"comment_status":"closed","ping_status":"closed","sticky":false,"template":"","format":"standard","meta":[],"categories":[3],"tags":[],"translation":{"provider":"WPGlobus","version":"2.6.0","language":"de","enabled_languages":["tr","de"],"languages":{"tr":{"title":true,"content":true,"excerpt":false},"de":{"title":true,"content":true,"excerpt":false}}},"_links":{"self":[{"href":"https:\/\/www.mgdiyanet.de\/de\/wp-json\/wp\/v2\/posts\/590"}],"collection":[{"href":"https:\/\/www.mgdiyanet.de\/de\/wp-json\/wp\/v2\/posts"}],"about":[{"href":"https:\/\/www.mgdiyanet.de\/de\/wp-json\/wp\/v2\/types\/post"}],"author":[{"embeddable":true,"href":"https:\/\/www.mgdiyanet.de\/de\/wp-json\/wp\/v2\/users\/1"}],"replies":[{"embeddable":true,"href":"https:\/\/www.mgdiyanet.de\/de\/wp-json\/wp\/v2\/comments?post=590"}],"version-history":[{"count":7,"href":"https:\/\/www.mgdiyanet.de\/de\/wp-json\/wp\/v2\/posts\/590\/revisions"}],"predecessor-version":[{"id":603,"href":"https:\/\/www.mgdiyanet.de\/de\/wp-json\/wp\/v2\/posts\/590\/revisions\/603"}],"wp:attachment":[{"href":"https:\/\/www.mgdiyanet.de\/de\/wp-json\/wp\/v2\/media?parent=590"}],"wp:term":[{"taxonomy":"category","embeddable":true,"href":"https:\/\/www.mgdiyanet.de\/de\/wp-json\/wp\/v2\/categories?post=590"},{"taxonomy":"post_tag","embeddable":true,"href":"https:\/\/www.mgdiyanet.de\/de\/wp-json\/wp\/v2\/tags?post=590"}],"curies":[{"name":"wp","href":"https:\/\/api.w.org\/{rel}","templated":true}]}}